{"id":526,"date":"2016-10-26T18:12:44","date_gmt":"2016-10-26T16:12:44","guid":{"rendered":"http:\/\/delphinemarieyoga.com\/?p=526"},"modified":"2018-08-01T11:12:34","modified_gmt":"2018-08-01T09:12:34","slug":"mieux-vivre-larrivee-de-lautomne","status":"publish","type":"post","link":"https:\/\/delphinemarieyoga.com\/index.php\/2016\/10\/26\/mieux-vivre-larrivee-de-lautomne\/","title":{"rendered":"Mieux vivre l&rsquo;arriv\u00e9e de l&rsquo;automne"},"content":{"rendered":"<p style=\"text-align: justify;\">Vous l&rsquo;avez s\u00fbrement remarqu\u00e9, depuis quelques semaines les temp\u00e9ratures ont chut\u00e9, les jours raccourcissent, la pluie se fait plus fr\u00e9quente, le vent se l\u00e8ve pour faire tomber les feuilles des arbres. L&rsquo;air chaud de l&rsquo;\u00e9t\u00e9 est remplac\u00e9 par un vent froid et sec. Bien qu&rsquo;il y ait une certaine beaut\u00e9 dans l&rsquo;automne avec ses couleurs de feu, il y a aussi une certaine m\u00e9lancolie.<\/p>\n<p style=\"text-align: justify;\">Ce changement de saison s&rsquo;accompagne g\u00e9n\u00e9ralement d&rsquo;une baisse de moral et d&rsquo;\u00e9nergie: on se sent \u00e0 fleur de peau, fatigu\u00e9 et un peu d\u00e9prim\u00e9. Tout ceci n&rsquo;est autre que l&rsquo;expression des \u00e9l\u00e9ments sur notre corps. Vous vous dites \u00ab\u00a0de quoi parle-t-elle?\u00a0\u00bb. Je vous explique et vous donne quelques conseils tir\u00e9s de l&rsquo;Ayurv\u00e9da (la science soeur du Yoga) pour vous aider \u00e0 mieux vivre l&rsquo;automne.<!--more--><\/p>\n<h3 style=\"text-align: justify;\"><strong><em>Qu&rsquo;est ce que l&rsquo;Ayurv\u00e9da?<\/em><\/strong><\/h3>\n<p style=\"text-align: justify;\">\u00ab\u00a0Science de la vie\u00a0\u00bb en sanskrit, l\u2019Ayurv\u00e9da est un syst\u00e8me de sant\u00e9 holistique. Vielle de 5000 ans, l\u2019Ayurv\u00e9da puise ses racines dans l\u2019Inde ancienne et les V\u00e9das (quatre livres de la sagesse et de la religion brahmaniques). Cette science est consid\u00e9r\u00e9e comme une m\u00e9decine alternative et douce en France.<\/p>\n<p style=\"text-align: justify;\">Son but est d&rsquo;am\u00e9liorer l&rsquo;\u00e9tat de sant\u00e9 de l&rsquo;individu, de soigner et de pr\u00e9venir la maladie \u00e0 travers un style de vie, des pratiques\u00a0(comme le Yoga, la m\u00e9ditation, les massages et une alimentation ad\u00e9quate) et l&rsquo;utilisation de plantes.<\/p>\n<p style=\"text-align: justify;\">L&rsquo;Ayruv\u00e9da est bas\u00e9 sur les cinq \u00e9l\u00e9ments dont tous les corps sont constitu\u00e9s: l&rsquo;eau, la terre, le feu, l&rsquo;air et l&rsquo;espace. De ces cinq \u00e9l\u00e9ments\u00a0et de tous les facteurs qui influencent notre bien-\u00eatre, l&rsquo;Ayurv\u00e9da d\u00e9finit trois principes de constitution de base, les Doshas. Les Doshas sont une combinaison d&rsquo;\u00e9l\u00e9ments dont tous les \u00eatre humains sont constitu\u00e9s, dans une proportion propre \u00e0 chacun.<\/p>\n<p style=\"text-align: justify;\">Quand ces trois Doshas sont \u00e0 l&rsquo;\u00e9quilibre (\u00e9quilibre qui nous est propre &#8211; chacun a en g\u00e9n\u00e9ral un dominant &#8211; par exemple, mon \u00e9quilibre est de 48%, 26%, 26%), on se sent bien, en forme, heureux, l\u00e9ger. Quand ils sont en d\u00e9s\u00e9quilibre, on peut se sentir lourd, irrit\u00e9, l\u00e9thargique, en col\u00e8re&#8230; Beaucoup d&rsquo;\u00e9l\u00e9ments influencent l&rsquo;\u00e9quilibre de ces Doshas comme l&rsquo;alimentation ou les saisons.<\/p>\n<p style=\"text-align: justify;\"><strong>LES TROIS DOSHAS<\/strong><\/p>\n<p style=\"text-align: justify;\"><span style=\"color: #70dcf4;\"><b>VATA\u00a0<\/b><\/span><span style=\"color: #000000;\">: combinaison des \u00e9l\u00e9ments air et espace. Il invite au mouvement. <em>Ces personnes sont g\u00e9n\u00e9ralement plus \u00e9lanc\u00e9es que la normale. Ce qui les caract\u00e9risent: la cr\u00e9ativit\u00e9, le mouvement, l&rsquo;optimisme. Les Vata sont aussi g\u00e9n\u00e9ralement des couches-tard (leur cr\u00e9ativit\u00e9 \u00e9tant stimul\u00e9e apr\u00e8s 22h).<\/em> \u00a0Plus de d\u00e9tails <a href=\"http:\/\/espaceveda.com\/parlons-ayurveda\/conseils-ayurvediques\/profil-vata\/\">si vous \u00eates dominant Vata.<\/a><\/span><\/p>\n<p style=\"text-align: justify;\"><span style=\"color: #70dcf4;\"><strong>PITTA\u00a0<\/strong><\/span>: combinaison des \u00e9l\u00e9ments feu et eau. C&rsquo;est le feu de la transformation. <em>Ces personnes ont g\u00e9n\u00e9ralement la peau r\u00e9active et supportent mal la chaleur. Elles savent prendre des initiatives et ont un esprit vif. A cause de l&rsquo;\u00e9l\u00e9ment feu, elles sont col\u00e9riques et tendent facilement vers l&rsquo;exc\u00e8s. Elles aiment la r\u00e9gularit\u00e9 (repas, sommeil) et l&rsquo;organisation.<\/em> Plus de d\u00e9tails\u00a0<a href=\"http:\/\/espaceveda.com\/parlons-ayurveda\/conseils-ayurvediques\/profil-pitta\/\">si vous \u00eates dominant Pitta.\u00a0<\/a><\/p>\n<p style=\"text-align: justify;\"><span style=\"color: #70dcf4;\"><strong>KAPHA\u00a0<\/strong><\/span>: combinaison des \u00e9l\u00e9ments de terre et d&rsquo;eau (principalement la terre). Il invite \u00e0 la pr\u00e9servation. <em>Les personnes Kapha ont une ossature solide et lourde. Elles poss\u00e8dent puissance et endurance. Leur caract\u00e8re\u00a0est calme et pos\u00e9. Elles\u00a0abordent\u00a0les obstacles de fa\u00e7on m\u00e9thodique et sans pr\u00e9cipitation et ont tr\u00e8s bonne m\u00e9moire.\u00a0<\/em>Plus de d\u00e9tails <a href=\"http:\/\/espaceveda.com\/parlons-ayurveda\/conseils-ayurvediques\/profil-kapha\/\">si vous \u00eates dominant Kapha.<\/a><\/p>\n<p style=\"text-align: justify;\">Et vous quelle est votre constitution?\u00a0<a href=\"http:\/\/www.leparadisier.com\/questionnaire-dosha.html\">Faites le test<\/a><\/p>\n<h3 style=\"text-align: justify;\"><strong><em>Vata et l&rsquo;automne<\/em><\/strong><\/h3>\n<p style=\"text-align: justify;\">Le vent qui se l\u00e8ve, les feuilles qui tombent, les journ\u00e9es qui raccourcissent&#8230; Vata a des propri\u00e9t\u00e9s qui se rapportent aux caract\u00e9ristiques de l&rsquo;automne:\u00a0<strong>l\u00e9ger, sec, mobile, rugeux, froid, subtil.\u00a0<\/strong><\/p>\n<p style=\"text-align: justify;\">L&rsquo;automne va donc exacerber les qualit\u00e9s de Vata en nous: peau ass\u00e9ch\u00e9e, irritations et allergies, sommeil l\u00e9ger, digestion difficile, vitesse et nervosit\u00e9, esprit instable, tristesse, manque d&rsquo;enthousiasme&#8230;<\/p>\n<p style=\"text-align: justify;\">Afin de compenser ce d\u00e9r\u00e8glement, on va aller chercher ce qui s&rsquo;oppose \u00e0 ces caract\u00e9ristiques pour ramener l&rsquo;\u00e9quilibre des \u00e9nergies dans notre corps et notre esprit. On veut donc du lourd, de l&rsquo;humide, du doux, de la stabilit\u00e9, du chaud et du concret. Et concr\u00e8tement on fait quoi?<\/p>\n<h3><strong><em>Conseils pour se sentir mieux<\/em><\/strong><\/h3>\n<p><span style=\"text-decoration: underline; color: #70dcf4;\"><strong>Boire chaud\u00a0<\/strong><\/span>:\u00a0C&rsquo;est le moment de ressortir votre collection de th\u00e9. Je suis une grande fan de th\u00e9 noir et de rooibos. Le rooibos ne comprend pas de th\u00e9ine, et peut donc \u00eatre consomm\u00e9 \u00e0 toute heure de la journ\u00e9e! Aucune raison de s&rsquo;en priver.\u00a0Je suis une grande fan de la marque de th\u00e9 <a href=\"http:\/\/www.lov-organic.com\/\">LOVE<\/a>.<\/p>\n<p style=\"text-align: justify;\"><span style=\"text-decoration: underline; color: #70dcf4;\"><strong>Manger chaud<\/strong><\/span><span style=\"color: #70dcf4;\"><strong>\u00a0<\/strong><\/span>:\u00a0Au revoir les salades, privil\u00e9giez les aliments cuits, de pr\u00e9f\u00e9rence de saison. On fait des soupes (ma pr\u00e9f\u00e9r\u00e9e est celle \u00e0 la courge, \u00e0 laquelle j&rsquo;ajoute du kiri) et des compotes. La courge, sous toutes ses formes est parfaite pour la saison &#8211; sa jolie couleur orange aide \u00e0 remonter le moral :)!<\/p>\n<p style=\"text-align: justify;\"><span style=\"text-decoration: underline; color: #70dcf4;\"><strong>Renforcer le syst\u00e8me immunitaire<\/strong><\/span><span style=\"color: #70dcf4;\"><strong>\u00a0<\/strong><\/span>: A chacun sa m\u00e9thode. Manger du raisin (anti-oxidant &#8211; stimule les reins et le syst\u00e8me lymphatique), boire un jus de citron dans de l&rsquo;eau chaude\u00a0\u00e0 jeun tous les matins (pour \u00e9liminer les toxines), ou faire une cure de gel\u00e9e royale.<\/p>\n<p style=\"text-align: justify;\"><span style=\"text-decoration: underline; color: #70dcf4;\"><strong>S&rsquo;hydrater<\/strong><\/span><strong>\u00a0<\/strong>: La peau a tendance \u00e0 se dess\u00e9cher plus vite que d&rsquo;habitude. Pour \u00e9viter la peau de crocodile, on utilise de l&rsquo;huile d&rsquo;amande douce ou de s\u00e9same. Le must: aller se faire masser pour que l&rsquo;huile int\u00e8gre profond\u00e9ment les tissus, et en profiter pour s&rsquo;accorder un moment de relaxation et de calme.<\/p>\n<p style=\"text-align: justify;\"><span style=\"text-decoration: underline; color: #70dcf4;\"><strong>M\u00e9diter<\/strong><\/span><strong>\u00a0<\/strong>: Garder des temps calmes pour vous recentrer sur votre petit cocon. On peut profiter de la saison pour m\u00e9diter en ext\u00e9rieur, la nature \u00e9tant tout particuli\u00e8rement exceptionnelle et magique en cette p\u00e9riode.<\/p>\n<p style=\"text-align: justify;\"><span style=\"text-decoration: underline; color: #70dcf4;\"><strong>Bouger<\/strong><\/span><strong>\u00a0<\/strong>: En automne, on veut canaliser Vata et on pratique donc des sports doux, sans violence pour le corps. Le Yoga est \u00e9videmment parfait pour cela. On adapte sa pratique, en s&rsquo;ancrant davantage dans le sol, en ralentissant le rythme, et en pratiquant des asanas qui recentrent et aident notre \u00e9nergie \u00e0 descendre dans notre corps (en se concentrant sur le travail des jambes et des hanches).<\/p>\n<p style=\"text-align: justify;\"><span style=\"color: #ffffff;\">.<\/span><\/p>\n","protected":false},"excerpt":{"rendered":"<p>Vous l&rsquo;avez s\u00fbrement remarqu\u00e9, depuis quelques semaines les temp\u00e9ratures ont chut\u00e9, les jours raccourcissent, la pluie se fait plus fr\u00e9quente, le vent se l\u00e8ve pour faire tomber les feuilles des arbres. L&rsquo;air chaud de l&rsquo;\u00e9t\u00e9 est remplac\u00e9 par un vent froid et sec. Bien qu&rsquo;il y ait une certaine beaut\u00e9 dans l&rsquo;automne avec ses couleurs &hellip;<\/p>\n<p class=\"read-more\"> <a class=\"ast-button\" href=\"https:\/\/delphinemarieyoga.com\/index.php\/2016\/10\/26\/mieux-vivre-larrivee-de-lautomne\/\"> <span class=\"screen-reader-text\">Mieux vivre l&rsquo;arriv\u00e9e de l&rsquo;automne<\/span> Lire la suite \u00bb<\/a><\/p>\n","protected":false},"author":1,"featured_media":544,"comment_status":"open","ping_status":"open","sticky":false,"template":"","format":"standard","meta":{"_uag_custom_page_level_css":"","site-sidebar-layout":"default","site-content-layout":"default","ast-global-header-display":"","ast-main-header-display":"","ast-hfb-above-header-display":"","ast-hfb-below-header-display":"","ast-hfb-mobile-header-display":"","site-post-title":"","ast-breadcrumbs-content":"","ast-featured-img":"","footer-sml-layout":"","theme-transparent-header-meta":"","adv-header-id-meta":"","stick-header-meta":"","header-above-stick-meta":"","header-main-stick-meta":"","header-below-stick-meta":""},"categories":[19],"tags":[161,159,163,165,167,55],"yoast_head":"<!-- This site is optimized with the Yoast SEO plugin v19.10 - https:\/\/yoast.com\/wordpress\/plugins\/seo\/ -->\n<title>Mieux vivre l&#039;arriv\u00e9e de l&#039;automne - La Yoga Tribe<\/title>\n<meta name=\"robots\" content=\"index, follow, max-snippet:-1, max-image-preview:large, max-video-preview:-1\" \/>\n<link rel=\"canonical\" href=\"https:\/\/delphinemarieyoga.com\/index.php\/2016\/10\/26\/mieux-vivre-larrivee-de-lautomne\/\" \/>\n<meta property=\"og:locale\" content=\"fr_FR\" \/>\n<meta property=\"og:type\" content=\"article\" \/>\n<meta property=\"og:title\" content=\"Mieux vivre l&#039;arriv\u00e9e de l&#039;automne - La Yoga Tribe\" \/>\n<meta property=\"og:description\" content=\"Vous l&rsquo;avez s\u00fbrement remarqu\u00e9, depuis quelques semaines les temp\u00e9ratures ont chut\u00e9, les jours raccourcissent, la pluie se fait plus fr\u00e9quente, le vent se l\u00e8ve pour faire tomber les feuilles des arbres. L&rsquo;air chaud de l&rsquo;\u00e9t\u00e9 est remplac\u00e9 par un vent froid et sec. Bien qu&rsquo;il y ait une certaine beaut\u00e9 dans l&rsquo;automne avec ses couleurs &hellip; Mieux vivre l&rsquo;arriv\u00e9e de l&rsquo;automne Lire la suite \u00bb\" \/>\n<meta property=\"og:url\" content=\"https:\/\/delphinemarieyoga.com\/index.php\/2016\/10\/26\/mieux-vivre-larrivee-de-lautomne\/\" \/>\n<meta property=\"og:site_name\" content=\"La Yoga Tribe\" \/>\n<meta property=\"article:publisher\" content=\"https:\/\/www.facebook.com\/delphinemarieyoga\/\" \/>\n<meta property=\"article:author\" content=\"Delphine Marie Yoga\" \/>\n<meta property=\"article:published_time\" content=\"2016-10-26T16:12:44+00:00\" \/>\n<meta property=\"article:modified_time\" content=\"2018-08-01T09:12:34+00:00\" \/>\n<meta property=\"og:image\" content=\"https:\/\/delphinemarieyoga.com\/wp-content\/uploads\/2016\/10\/P1110948.jpg\" \/>\n\t<meta property=\"og:image:width\" content=\"1848\" \/>\n\t<meta property=\"og:image:height\" content=\"1080\" \/>\n\t<meta property=\"og:image:type\" content=\"image\/jpeg\" \/>\n<meta name=\"author\" content=\"Delphine\" \/>\n<meta name=\"twitter:card\" content=\"summary_large_image\" \/>\n<meta name=\"twitter:label1\" content=\"\u00c9crit par\" \/>\n\t<meta name=\"twitter:data1\" content=\"Delphine\" \/>\n\t<meta name=\"twitter:label2\" content=\"Dur\u00e9e de lecture estim\u00e9e\" \/>\n\t<meta name=\"twitter:data2\" content=\"5 minutes\" \/>\n<script type=\"application\/ld+json\" class=\"yoast-schema-graph\">{\"@context\":\"https:\/\/schema.org\",\"@graph\":[{\"@type\":\"Article\",\"@id\":\"https:\/\/delphinemarieyoga.com\/index.php\/2016\/10\/26\/mieux-vivre-larrivee-de-lautomne\/#article\",\"isPartOf\":{\"@id\":\"https:\/\/delphinemarieyoga.com\/index.php\/2016\/10\/26\/mieux-vivre-larrivee-de-lautomne\/\"},\"author\":{\"name\":\"Delphine\",\"@id\":\"https:\/\/delphinemarieyoga.com\/#\/schema\/person\/b79d02fb098180c36f9a7aab15e3f754\"},\"headline\":\"Mieux vivre l&rsquo;arriv\u00e9e de l&rsquo;automne\",\"datePublished\":\"2016-10-26T16:12:44+00:00\",\"dateModified\":\"2018-08-01T09:12:34+00:00\",\"mainEntityOfPage\":{\"@id\":\"https:\/\/delphinemarieyoga.com\/index.php\/2016\/10\/26\/mieux-vivre-larrivee-de-lautomne\/\"},\"wordCount\":1057,\"commentCount\":2,\"publisher\":{\"@id\":\"https:\/\/delphinemarieyoga.com\/#organization\"},\"keywords\":[\"automne\",\"ayurveda\",\"changement de saison\",\"doshas\",\"vata\",\"yoga\"],\"articleSection\":[\"Yoga &amp; th\u00e9rapie\"],\"inLanguage\":\"fr-FR\",\"potentialAction\":[{\"@type\":\"CommentAction\",\"name\":\"Comment\",\"target\":[\"https:\/\/delphinemarieyoga.com\/index.php\/2016\/10\/26\/mieux-vivre-larrivee-de-lautomne\/#respond\"]}]},{\"@type\":\"WebPage\",\"@id\":\"https:\/\/delphinemarieyoga.com\/index.php\/2016\/10\/26\/mieux-vivre-larrivee-de-lautomne\/\",\"url\":\"https:\/\/delphinemarieyoga.com\/index.php\/2016\/10\/26\/mieux-vivre-larrivee-de-lautomne\/\",\"name\":\"Mieux vivre l'arriv\u00e9e de l'automne - La Yoga Tribe\",\"isPartOf\":{\"@id\":\"https:\/\/delphinemarieyoga.com\/#website\"},\"datePublished\":\"2016-10-26T16:12:44+00:00\",\"dateModified\":\"2018-08-01T09:12:34+00:00\",\"breadcrumb\":{\"@id\":\"https:\/\/delphinemarieyoga.com\/index.php\/2016\/10\/26\/mieux-vivre-larrivee-de-lautomne\/#breadcrumb\"},\"inLanguage\":\"fr-FR\",\"potentialAction\":[{\"@type\":\"ReadAction\",\"target\":[\"https:\/\/delphinemarieyoga.com\/index.php\/2016\/10\/26\/mieux-vivre-larrivee-de-lautomne\/\"]}]},{\"@type\":\"BreadcrumbList\",\"@id\":\"https:\/\/delphinemarieyoga.com\/index.php\/2016\/10\/26\/mieux-vivre-larrivee-de-lautomne\/#breadcrumb\",\"itemListElement\":[{\"@type\":\"ListItem\",\"position\":1,\"name\":\"Accueil\",\"item\":\"https:\/\/delphinemarieyoga.com\/\"},{\"@type\":\"ListItem\",\"position\":2,\"name\":\"Mieux vivre l&rsquo;arriv\u00e9e de l&rsquo;automne\"}]},{\"@type\":\"WebSite\",\"@id\":\"https:\/\/delphinemarieyoga.com\/#website\",\"url\":\"https:\/\/delphinemarieyoga.com\/\",\"name\":\"La Yoga Tribe\",\"description\":\"Blog &amp; vid\u00e9os yoga\",\"publisher\":{\"@id\":\"https:\/\/delphinemarieyoga.com\/#organization\"},\"potentialAction\":[{\"@type\":\"SearchAction\",\"target\":{\"@type\":\"EntryPoint\",\"urlTemplate\":\"https:\/\/delphinemarieyoga.com\/?s={search_term_string}\"},\"query-input\":\"required name=search_term_string\"}],\"inLanguage\":\"fr-FR\"},{\"@type\":\"Organization\",\"@id\":\"https:\/\/delphinemarieyoga.com\/#organization\",\"name\":\"Chronique d'une yogi: blog yoga, vid\u00e9os en ligne et cours sur Nice\",\"url\":\"https:\/\/delphinemarieyoga.com\/\",\"logo\":{\"@type\":\"ImageObject\",\"inLanguage\":\"fr-FR\",\"@id\":\"https:\/\/delphinemarieyoga.com\/#\/schema\/logo\/image\/\",\"url\":\"https:\/\/delphinemarieyoga.com\/wp-content\/uploads\/2018\/01\/Sans-titre.png\",\"contentUrl\":\"https:\/\/delphinemarieyoga.com\/wp-content\/uploads\/2018\/01\/Sans-titre.png\",\"width\":728,\"height\":90,\"caption\":\"Chronique d'une yogi: blog yoga, vid\u00e9os en ligne et cours sur Nice\"},\"image\":{\"@id\":\"https:\/\/delphinemarieyoga.com\/#\/schema\/logo\/image\/\"},\"sameAs\":[\"https:\/\/www.instagram.com\/delphinemarieyoga\/\",\"https:\/\/www.linkedin.com\/in\/marquetdelphine\/\",\"https:\/\/www.youtube.com\/channel\/UC14d6dzG1eiQ7DiQNKCaeMA\",\"https:\/\/www.facebook.com\/delphinemarieyoga\/\"]},{\"@type\":\"Person\",\"@id\":\"https:\/\/delphinemarieyoga.com\/#\/schema\/person\/b79d02fb098180c36f9a7aab15e3f754\",\"name\":\"Delphine\",\"image\":{\"@type\":\"ImageObject\",\"inLanguage\":\"fr-FR\",\"@id\":\"https:\/\/delphinemarieyoga.com\/#\/schema\/person\/image\/\",\"url\":\"https:\/\/secure.gravatar.com\/avatar\/a9c5a15d560b1e28606679869ff79212?s=96&d=blank&r=g\",\"contentUrl\":\"https:\/\/secure.gravatar.com\/avatar\/a9c5a15d560b1e28606679869ff79212?s=96&d=blank&r=g\",\"caption\":\"Delphine\"},\"description\":\"Auteur du blog delphinemarieyoga.com, Youtubeuse et professeur de Yoga sur la C\u00f4te d'Azur.\",\"sameAs\":[\"http:\/\/delphinemarieyoga.com\",\"Delphine Marie Yoga\",\"delphinemarieyoga\"]}]}<\/script>\n<!-- \/ Yoast SEO plugin. -->","yoast_head_json":{"title":"Mieux vivre l'arriv\u00e9e de l'automne - La Yoga Tribe","robots":{"index":"index","follow":"follow","max-snippet":"max-snippet:-1","max-image-preview":"max-image-preview:large","max-video-preview":"max-video-preview:-1"},"canonical":"https:\/\/delphinemarieyoga.com\/index.php\/2016\/10\/26\/mieux-vivre-larrivee-de-lautomne\/","og_locale":"fr_FR","og_type":"article","og_title":"Mieux vivre l'arriv\u00e9e de l'automne - La Yoga Tribe","og_description":"Vous l&rsquo;avez s\u00fbrement remarqu\u00e9, depuis quelques semaines les temp\u00e9ratures ont chut\u00e9, les jours raccourcissent, la pluie se fait plus fr\u00e9quente, le vent se l\u00e8ve pour faire tomber les feuilles des arbres. L&rsquo;air chaud de l&rsquo;\u00e9t\u00e9 est remplac\u00e9 par un vent froid et sec. Bien qu&rsquo;il y ait une certaine beaut\u00e9 dans l&rsquo;automne avec ses couleurs &hellip; Mieux vivre l&rsquo;arriv\u00e9e de l&rsquo;automne Lire la suite \u00bb","og_url":"https:\/\/delphinemarieyoga.com\/index.php\/2016\/10\/26\/mieux-vivre-larrivee-de-lautomne\/","og_site_name":"La Yoga Tribe","article_publisher":"https:\/\/www.facebook.com\/delphinemarieyoga\/","article_author":"Delphine Marie Yoga","article_published_time":"2016-10-26T16:12:44+00:00","article_modified_time":"2018-08-01T09:12:34+00:00","og_image":[{"width":1848,"height":1080,"url":"https:\/\/delphinemarieyoga.com\/wp-content\/uploads\/2016\/10\/P1110948.jpg","type":"image\/jpeg"}],"author":"Delphine","twitter_card":"summary_large_image","twitter_misc":{"\u00c9crit par":"Delphine","Dur\u00e9e de lecture estim\u00e9e":"5 minutes"},"schema":{"@context":"https:\/\/schema.org","@graph":[{"@type":"Article","@id":"https:\/\/delphinemarieyoga.com\/index.php\/2016\/10\/26\/mieux-vivre-larrivee-de-lautomne\/#article","isPartOf":{"@id":"https:\/\/delphinemarieyoga.com\/index.php\/2016\/10\/26\/mieux-vivre-larrivee-de-lautomne\/"},"author":{"name":"Delphine","@id":"https:\/\/delphinemarieyoga.com\/#\/schema\/person\/b79d02fb098180c36f9a7aab15e3f754"},"headline":"Mieux vivre l&rsquo;arriv\u00e9e de l&rsquo;automne","datePublished":"2016-10-26T16:12:44+00:00","dateModified":"2018-08-01T09:12:34+00:00","mainEntityOfPage":{"@id":"https:\/\/delphinemarieyoga.com\/index.php\/2016\/10\/26\/mieux-vivre-larrivee-de-lautomne\/"},"wordCount":1057,"commentCount":2,"publisher":{"@id":"https:\/\/delphinemarieyoga.com\/#organization"},"keywords":["automne","ayurveda","changement de saison","doshas","vata","yoga"],"articleSection":["Yoga &amp; th\u00e9rapie"],"inLanguage":"fr-FR","potentialAction":[{"@type":"CommentAction","name":"Comment","target":["https:\/\/delphinemarieyoga.com\/index.php\/2016\/10\/26\/mieux-vivre-larrivee-de-lautomne\/#respond"]}]},{"@type":"WebPage","@id":"https:\/\/delphinemarieyoga.com\/index.php\/2016\/10\/26\/mieux-vivre-larrivee-de-lautomne\/","url":"https:\/\/delphinemarieyoga.com\/index.php\/2016\/10\/26\/mieux-vivre-larrivee-de-lautomne\/","name":"Mieux vivre l'arriv\u00e9e de l'automne - La Yoga Tribe","isPartOf":{"@id":"https:\/\/delphinemarieyoga.com\/#website"},"datePublished":"2016-10-26T16:12:44+00:00","dateModified":"2018-08-01T09:12:34+00:00","breadcrumb":{"@id":"https:\/\/delphinemarieyoga.com\/index.php\/2016\/10\/26\/mieux-vivre-larrivee-de-lautomne\/#breadcrumb"},"inLanguage":"fr-FR","potentialAction":[{"@type":"ReadAction","target":["https:\/\/delphinemarieyoga.com\/index.php\/2016\/10\/26\/mieux-vivre-larrivee-de-lautomne\/"]}]},{"@type":"BreadcrumbList","@id":"https:\/\/delphinemarieyoga.com\/index.php\/2016\/10\/26\/mieux-vivre-larrivee-de-lautomne\/#breadcrumb","itemListElement":[{"@type":"ListItem","position":1,"name":"Accueil","item":"https:\/\/delphinemarieyoga.com\/"},{"@type":"ListItem","position":2,"name":"Mieux vivre l&rsquo;arriv\u00e9e de l&rsquo;automne"}]},{"@type":"WebSite","@id":"https:\/\/delphinemarieyoga.com\/#website","url":"https:\/\/delphinemarieyoga.com\/","name":"La Yoga Tribe","description":"Blog &amp; vid\u00e9os yoga","publisher":{"@id":"https:\/\/delphinemarieyoga.com\/#organization"},"potentialAction":[{"@type":"SearchAction","target":{"@type":"EntryPoint","urlTemplate":"https:\/\/delphinemarieyoga.com\/?s={search_term_string}"},"query-input":"required name=search_term_string"}],"inLanguage":"fr-FR"},{"@type":"Organization","@id":"https:\/\/delphinemarieyoga.com\/#organization","name":"Chronique d'une yogi: blog yoga, vid\u00e9os en ligne et cours sur Nice","url":"https:\/\/delphinemarieyoga.com\/","logo":{"@type":"ImageObject","inLanguage":"fr-FR","@id":"https:\/\/delphinemarieyoga.com\/#\/schema\/logo\/image\/","url":"https:\/\/delphinemarieyoga.com\/wp-content\/uploads\/2018\/01\/Sans-titre.png","contentUrl":"https:\/\/delphinemarieyoga.com\/wp-content\/uploads\/2018\/01\/Sans-titre.png","width":728,"height":90,"caption":"Chronique d'une yogi: blog yoga, vid\u00e9os en ligne et cours sur Nice"},"image":{"@id":"https:\/\/delphinemarieyoga.com\/#\/schema\/logo\/image\/"},"sameAs":["https:\/\/www.instagram.com\/delphinemarieyoga\/","https:\/\/www.linkedin.com\/in\/marquetdelphine\/","https:\/\/www.youtube.com\/channel\/UC14d6dzG1eiQ7DiQNKCaeMA","https:\/\/www.facebook.com\/delphinemarieyoga\/"]},{"@type":"Person","@id":"https:\/\/delphinemarieyoga.com\/#\/schema\/person\/b79d02fb098180c36f9a7aab15e3f754","name":"Delphine","image":{"@type":"ImageObject","inLanguage":"fr-FR","@id":"https:\/\/delphinemarieyoga.com\/#\/schema\/person\/image\/","url":"https:\/\/secure.gravatar.com\/avatar\/a9c5a15d560b1e28606679869ff79212?s=96&d=blank&r=g","contentUrl":"https:\/\/secure.gravatar.com\/avatar\/a9c5a15d560b1e28606679869ff79212?s=96&d=blank&r=g","caption":"Delphine"},"description":"Auteur du blog delphinemarieyoga.com, Youtubeuse et professeur de Yoga sur la C\u00f4te d'Azur.","sameAs":["http:\/\/delphinemarieyoga.com","Delphine Marie Yoga","delphinemarieyoga"]}]}},"uagb_featured_image_src":{"full":["https:\/\/delphinemarieyoga.com\/wp-content\/uploads\/2016\/10\/P1110948.jpg",1848,1080,false],"thumbnail":["https:\/\/delphinemarieyoga.com\/wp-content\/uploads\/2016\/10\/P1110948-150x150.jpg",150,150,true],"medium":["https:\/\/delphinemarieyoga.com\/wp-content\/uploads\/2016\/10\/P1110948-300x175.jpg",300,175,true],"medium_large":["https:\/\/delphinemarieyoga.com\/wp-content\/uploads\/2016\/10\/P1110948-768x449.jpg",768,449,true],"large":["https:\/\/delphinemarieyoga.com\/wp-content\/uploads\/2016\/10\/P1110948-1024x598.jpg",1024,598,true],"1536x1536":["https:\/\/delphinemarieyoga.com\/wp-content\/uploads\/2016\/10\/P1110948.jpg",1536,898,false],"2048x2048":["https:\/\/delphinemarieyoga.com\/wp-content\/uploads\/2016\/10\/P1110948.jpg",1848,1080,false],"woocommerce_thumbnail":["https:\/\/delphinemarieyoga.com\/wp-content\/uploads\/2016\/10\/P1110948-300x300.jpg",300,300,true],"woocommerce_single":["https:\/\/delphinemarieyoga.com\/wp-content\/uploads\/2016\/10\/P1110948.jpg",600,351,false],"woocommerce_gallery_thumbnail":["https:\/\/delphinemarieyoga.com\/wp-content\/uploads\/2016\/10\/P1110948-100x100.jpg",100,100,true]},"uagb_author_info":{"display_name":"Delphine","author_link":"https:\/\/delphinemarieyoga.com\/index.php\/author\/delphine\/"},"uagb_comment_info":3,"uagb_excerpt":"Vous l&rsquo;avez s\u00fbrement remarqu\u00e9, depuis quelques semaines les temp\u00e9ratures ont chut\u00e9, les jours raccourcissent, la pluie se fait plus fr\u00e9quente, le vent se l\u00e8ve pour faire tomber les feuilles des arbres. L&rsquo;air chaud de l&rsquo;\u00e9t\u00e9 est remplac\u00e9 par un vent froid et sec. Bien qu&rsquo;il y ait une certaine beaut\u00e9 dans l&rsquo;automne avec ses couleurs\u2026","_links":{"self":[{"href":"https:\/\/delphinemarieyoga.com\/index.php\/wp-json\/wp\/v2\/posts\/526"}],"collection":[{"href":"https:\/\/delphinemarieyoga.com\/index.php\/wp-json\/wp\/v2\/posts"}],"about":[{"href":"https:\/\/delphinemarieyoga.com\/index.php\/wp-json\/wp\/v2\/types\/post"}],"author":[{"embeddable":true,"href":"https:\/\/delphinemarieyoga.com\/index.php\/wp-json\/wp\/v2\/users\/1"}],"replies":[{"embeddable":true,"href":"https:\/\/delphinemarieyoga.com\/index.php\/wp-json\/wp\/v2\/comments?post=526"}],"version-history":[{"count":13,"href":"https:\/\/delphinemarieyoga.com\/index.php\/wp-json\/wp\/v2\/posts\/526\/revisions"}],"predecessor-version":[{"id":2780,"href":"https:\/\/delphinemarieyoga.com\/index.php\/wp-json\/wp\/v2\/posts\/526\/revisions\/2780"}],"wp:featuredmedia":[{"embeddable":true,"href":"https:\/\/delphinemarieyoga.com\/index.php\/wp-json\/wp\/v2\/media\/544"}],"wp:attachment":[{"href":"https:\/\/delphinemarieyoga.com\/index.php\/wp-json\/wp\/v2\/media?parent=526"}],"wp:term":[{"taxonomy":"category","embeddable":true,"href":"https:\/\/delphinemarieyoga.com\/index.php\/wp-json\/wp\/v2\/categories?post=526"},{"taxonomy":"post_tag","embeddable":true,"href":"https:\/\/delphinemarieyoga.com\/index.php\/wp-json\/wp\/v2\/tags?post=526"}],"curies":[{"name":"wp","href":"https:\/\/api.w.org\/{rel}","templated":true}]}}